{"id":6501,"date":"2026-04-13T17:16:22","date_gmt":"2026-04-13T20:16:22","guid":{"rendered":"https:\/\/facet.ufvjm.edu.br\/?p=6501"},"modified":"2026-04-13T17:24:45","modified_gmt":"2026-04-13T20:24:45","slug":"inscricoes-abertas-eleicao-para-a-nova-direcao-da-facet","status":"publish","type":"post","link":"https:\/\/facet.ufvjm.edu.br\/?p=6501","title":{"rendered":"Inscri\u00e7\u00f5es Abertas: Elei\u00e7\u00e3o para a Nova Dire\u00e7\u00e3o da FACET"},"content":{"rendered":"\n<p id=\"p-rc_3a76eb27083f3c34-41\">A <strong>Faculdade de Ci\u00eancias Exatas (FACET)<\/strong> torna p\u00fablico o <strong>Edital n\u00ba 04\/2026<\/strong>, que estabelece as normas para a elei\u00e7\u00e3o de Diretor(a) e Vice-Diretor(a) da unidade<sup><\/sup><sup><\/sup><sup><\/sup><sup><\/sup>. O processo definir\u00e1 a gest\u00e3o da faculdade para o pr\u00f3ximo mandato de quatro anos<sup><\/sup>.<\/p>\n\n\n\n<h3 class=\"wp-block-heading\"><strong>Informa\u00e7\u00f5es Importantes:<\/strong><\/h3>\n\n\n\n<ul>\n<li><strong>Prazo para Inscri\u00e7\u00f5es:<\/strong> De <strong>13\/04\/2026<\/strong> a <strong>20\/04\/2026<\/strong><sup><\/sup><sup><\/sup><sup><\/sup><sup><\/sup>.<\/li>\n\n\n\n<li><strong>Data da Elei\u00e7\u00e3o:<\/strong> <strong>05\/05\/2026<\/strong>, das <strong>9h \u00e0s 17h<\/strong><sup><\/sup><sup><\/sup><sup><\/sup><sup><\/sup><sup><\/sup><sup><\/sup><sup><\/sup><sup><\/sup>.<\/li>\n\n\n\n<li><strong>Local:<\/strong> A vota\u00e7\u00e3o ser\u00e1 realizada de forma remota atrav\u00e9s do sistema <strong>eVoto<\/strong>, com link enviado para o e-mail institucional dos eleitores<sup><\/sup><sup><\/sup><sup><\/sup><sup><\/sup>.<\/li>\n<\/ul>\n\n\n\n<h3 class=\"wp-block-heading\"><strong>Edital e Inscri\u00e7\u00f5es:<\/strong><\/h3>\n\n\n\n<p id=\"p-rc_3a76eb27083f3c34-45\">Todos os detalhes sobre inscri\u00e7\u00f5es, crit\u00e9rios de candidatura, documentos necess\u00e1rios e o cronograma completo podem ser conferidos no edital oficial.<\/p>\n\n\n\n<p>\ud83d\udc49 <strong><a href=\"https:\/\/facet.ufvjm.edu.br\/?page_id=328\" class=\"ek-link\">[Acesse aqui a p\u00e1gina de Editais para mais informa\u00e7oes]<\/a><\/strong><\/p>\n","protected":false},"excerpt":{"rendered":"<p>A Faculdade de Ci\u00eancias Exatas (FACET) torna p\u00fablico o Edital n\u00ba 04\/2026, que estabelece as normas para a elei\u00e7\u00e3o de Diretor(a) e Vice-Diretor(a) da unidade. O processo definir\u00e1 a gest\u00e3o da faculdade para o pr\u00f3ximo mandato de quatro anos. Informa\u00e7\u00f5es Importantes: Edital e Inscri\u00e7\u00f5es: Todos os detalhes sobre inscri\u00e7\u00f5es, crit\u00e9rios de candidatura, documentos necess\u00e1rios e [&hellip;]<\/p>\n","protected":false},"author":1,"featured_media":6286,"comment_status":"closed","ping_status":"closed","sticky":false,"template":"","format":"standard","meta":{"_editorskit_title_hidden":false,"_editorskit_reading_time":0,"_editorskit_is_block_options_detached":false,"_editorskit_block_options_position":"{}","_exactmetrics_skip_tracking":false,"_exactmetrics_sitenote_active":false,"_exactmetrics_sitenote_note":"","_exactmetrics_sitenote_category":0,"footnotes":""},"categories":[1,13,15],"tags":[407,108,25,408,18],"_links":{"self":[{"href":"https:\/\/facet.ufvjm.edu.br\/index.php?rest_route=\/wp\/v2\/posts\/6501"}],"collection":[{"href":"https:\/\/facet.ufvjm.edu.br\/index.php?rest_route=\/wp\/v2\/posts"}],"about":[{"href":"https:\/\/facet.ufvjm.edu.br\/index.php?rest_route=\/wp\/v2\/types\/post"}],"author":[{"embeddable":true,"href":"https:\/\/facet.ufvjm.edu.br\/index.php?rest_route=\/wp\/v2\/users\/1"}],"replies":[{"embeddable":true,"href":"https:\/\/facet.ufvjm.edu.br\/index.php?rest_route=%2Fwp%2Fv2%2Fcomments&post=6501"}],"version-history":[{"count":2,"href":"https:\/\/facet.ufvjm.edu.br\/index.php?rest_route=\/wp\/v2\/posts\/6501\/revisions"}],"predecessor-version":[{"id":6505,"href":"https:\/\/facet.ufvjm.edu.br\/index.php?rest_route=\/wp\/v2\/posts\/6501\/revisions\/6505"}],"wp:featuredmedia":[{"embeddable":true,"href":"https:\/\/facet.ufvjm.edu.br\/index.php?rest_route=\/wp\/v2\/media\/6286"}],"wp:attachment":[{"href":"https:\/\/facet.ufvjm.edu.br\/index.php?rest_route=%2Fwp%2Fv2%2Fmedia&parent=6501"}],"wp:term":[{"taxonomy":"category","embeddable":true,"href":"https:\/\/facet.ufvjm.edu.br\/index.php?rest_route=%2Fwp%2Fv2%2Fcategories&post=6501"},{"taxonomy":"post_tag","embeddable":true,"href":"https:\/\/facet.ufvjm.edu.br\/index.php?rest_route=%2Fwp%2Fv2%2Ftags&post=6501"}],"curies":[{"name":"wp","href":"https:\/\/api.w.org\/{rel}","templated":true}]}}